{"id":8797,"date":"2020-07-24T00:00:33","date_gmt":"2020-07-23T22:00:33","guid":{"rendered":"http:\/\/www.rk-dubrava.hr\/web\/?p=8797"},"modified":"2020-07-28T11:08:26","modified_gmt":"2020-07-28T09:08:26","slug":"veprovi-saznali-potencijalne-suparnike","status":"publish","type":"post","link":"http:\/\/www.rk-dubrava.hr\/web\/?p=8797","title":{"rendered":"VEPROVI SAZNALI POTENCIJALNE SUPARNIKE"},"content":{"rendered":"<p><span style=\"color: #000000;\">\u017ddrijeb\u00a01. predkola u EHF European Cup-u odr\u017eati \u0107e se Be\u010du u utorak, 28.07. sa po\u010detkom u 11:00 sati a izvla\u010denje mo\u017eete pogledati na slijede\u0107im poveznicama :<\/span><\/p>\n<p><a href=\"https:\/\/www.ehftv.com\/home\" target=\"_blank\">https:\/\/www.ehftv.com\/home<\/a><\/p>\n<p><a href=\"https:\/\/www.facebook.com\/ehfeuropeanleague\" target=\"_blank\">https:\/\/www.facebook.com\/ehfeuropeanleague<\/a><\/p>\n<p><a href=\"https:\/\/www.youtube.com\/user\/ehfTV\" target=\"_blank\">https:\/\/www.youtube.com\/user\/ehfTV<\/a><\/p>\n<p><span style=\"color: #000000;\">Za razliku od prija\u0161njih godina, ove godine ekipe su podijeljene\u00a0u tri &#8220;zone&#8221; utemeljene na razumnoj geografskoj blizini kako bi se sprije\u010dila nepotrebna daleka putovanja i zbog umanjivanja mogu\u0107ih ograni\u010denja putovanja\u00a0 uzrokovanih pandemijom Covid-19 virusom. Tako se RK Dubrava nalazi u &#8220;Zoni 3&#8221;, &#8220;POT 1&#8221; a mogu\u0107i suparnici su klubovi iz Austrije, Francuske, Luksemburga, Portugala i \u0160vicarske.<\/span><\/p>\n<p><span style=\"color: #000000;\"><strong>Zone 3<\/strong><\/span><\/p>\n<p><span style=\"color: #000000;\"><strong>Pot 1<br \/>\n<\/strong>RK Dubrava (CRO)<\/span><br \/>\n<span style=\"color: #000000;\">Bidasoa Irun (ESP)<\/span><br \/>\n<span style=\"color: #000000;\">SL Benfica (POR)<\/span><br \/>\n<span style=\"color: #000000;\">RK Trimo Trebnje (SLO)<\/span><br \/>\n<span style=\"color: #000000;\">Pfadi Winterthur (SUI)<\/span><\/p>\n<p><span style=\"color: #000000;\"><strong>Pot 2<br \/>\n<\/strong>Fivers (AUT)<\/span><br \/>\n<span style=\"color: #000000;\">PAUC Handball (FRA)<\/span><br \/>\n<span style=\"color: #000000;\">Handball Esch (LUX)<\/span><br \/>\n<span style=\"color: #000000;\">Club de Futebol Os Belenenses (POR)<\/span><br \/>\n<span style=\"color: #000000;\">HC Kriens-Luzern (SUI)<\/span><\/p>\n<p>&nbsp;<\/p>\n","protected":false},"excerpt":{"rendered":"<p>\u017ddrijeb\u00a01. predkola u EHF European Cup-u odr\u017eati \u0107e se Be\u010du u utorak, 28.07. sa po\u010detkom u 11:00 sati a izvla\u010denje mo\u017eete pogledati na slijede\u0107im poveznicama : https:\/\/www.ehftv.com\/home https:\/\/www.facebook.com\/ehfeuropeanleague https:\/\/www.youtube.com\/user\/ehfTV Za [&hellip;]<\/p>\n","protected":false},"author":1,"featured_media":8798,"comment_status":"closed","ping_status":"closed","sticky":false,"template":"","format":"standard","meta":{"footnotes":""},"categories":[1],"tags":[],"_links":{"self":[{"href":"http:\/\/www.rk-dubrava.hr\/web\/index.php?rest_route=\/wp\/v2\/posts\/8797"}],"collection":[{"href":"http:\/\/www.rk-dubrava.hr\/web\/index.php?rest_route=\/wp\/v2\/posts"}],"about":[{"href":"http:\/\/www.rk-dubrava.hr\/web\/index.php?rest_route=\/wp\/v2\/types\/post"}],"author":[{"embeddable":true,"href":"http:\/\/www.rk-dubrava.hr\/web\/index.php?rest_route=\/wp\/v2\/users\/1"}],"replies":[{"embeddable":true,"href":"http:\/\/www.rk-dubrava.hr\/web\/index.php?rest_route=%2Fwp%2Fv2%2Fcomments&post=8797"}],"version-history":[{"count":3,"href":"http:\/\/www.rk-dubrava.hr\/web\/index.php?rest_route=\/wp\/v2\/posts\/8797\/revisions"}],"predecessor-version":[{"id":8801,"href":"http:\/\/www.rk-dubrava.hr\/web\/index.php?rest_route=\/wp\/v2\/posts\/8797\/revisions\/8801"}],"wp:featuredmedia":[{"embeddable":true,"href":"http:\/\/www.rk-dubrava.hr\/web\/index.php?rest_route=\/wp\/v2\/media\/8798"}],"wp:attachment":[{"href":"http:\/\/www.rk-dubrava.hr\/web\/index.php?rest_route=%2Fwp%2Fv2%2Fmedia&parent=8797"}],"wp:term":[{"taxonomy":"category","embeddable":true,"href":"http:\/\/www.rk-dubrava.hr\/web\/index.php?rest_route=%2Fwp%2Fv2%2Fcategories&post=8797"},{"taxonomy":"post_tag","embeddable":true,"href":"http:\/\/www.rk-dubrava.hr\/web\/index.php?rest_route=%2Fwp%2Fv2%2Ftags&post=8797"}],"curies":[{"name":"wp","href":"https:\/\/api.w.org\/{rel}","templated":true}]}}