{"id":9158,"date":"2021-09-12T00:00:15","date_gmt":"2021-09-11T22:00:15","guid":{"rendered":"http:\/\/www.rk-dubrava.hr\/web\/?p=9158"},"modified":"2021-09-12T10:55:35","modified_gmt":"2021-09-12T08:55:35","slug":"paket24-premijer-liga-veprovi-otvorili-sezonu-pobjedom","status":"publish","type":"post","link":"http:\/\/www.rk-dubrava.hr\/web\/?p=9158","title":{"rendered":"Paket24 Premijer liga : VEPROVI OTVORILI SEZONU POBJEDOM"},"content":{"rendered":"<h3 style=\"text-align: center;\"><span style=\"color: #ff0000;\">DUBRAVA\u00a0 29 : 27\u00a0 GORICA<\/span><\/h3>\n<p>&nbsp;<\/p>\n<p style=\"font-weight: 400;\"><span style=\"color: #000000;\">Na startu nove sezone Paket 24 Premijer lige\u00a0 rukometa\u0161i Dubrave su na svom parketu slavili protiv Gorice 29:27. Odli\u010dno otvaranje sastava\u00a0<strong>Kre\u0161e Ivankovi\u0107a<\/strong>\u00a0i prednost 4:1 dala je podstrek Veprovima koji su samo jedanput u susretu bili u rezultatskom zaostatku i to u 19.minuti kada je\u00a0<strong>Ivan Laljek<\/strong>\u00a0zabio sedmerac za 10:9. Odmah je istom mjerom uzvratio prvi doma\u0107i strijelac\u00a0<strong>Ivan Barbi\u0107<\/strong>, a nakon pogotka vratara Dominika Markovi\u0107a za 11:10 gosti nisu vi\u0161e uspjeli sti\u0107i do izjedna\u010denja ili prednosti.<\/span><\/p>\n<p style=\"font-weight: 400;\"><span style=\"color: #000000;\">Nakon 13:12 na poluvremenu drugi dio otvaraju Barbi\u0107,\u00a0<strong>Marin Lisac, Mislav Obradovi\u0107 i Nikola Ka\u0161telan<\/strong>\u00a0za +4 (17:13). Kontrolirala je Dubrava rezultat iako je Gorica u zavr\u0161nici stigla na mini zaostatak 28:27 preko\u00a0<strong>Dominika Gala<\/strong>. Sve dvojbe je rije\u0161io Barbi\u0107 zabiv\u0161i sedmerac kojeg je izborio\u00a0<strong>Matej Komljenovi\u0107<\/strong>.<\/span><\/p>\n<p style=\"font-weight: 400;\"><span style=\"color: #000000;\">Barbi\u0107 je zabio 7 pogodaka,\u00a0<strong>Mislav Tur\u010di\u0107<\/strong>\u00a05 (bez proma\u0161aja) koliko je zabio i Obradovi\u0107 5 uz jedan proma\u0161aj. Kod Gorice\u00a0<strong>Lucian Bura<\/strong>\u00a0je zabio 8 pogodaka, a\u00a0<strong>Juro \u010cakari\u0107<\/strong>\u00a06 bez proma\u0161aja.<\/span><\/p>\n<p style=\"font-weight: 400;\"><span style=\"color: #000000;\"><strong><em>&#8221;Znali smo \u0161to trebamo raditi i kako igrati i znali smo da Dubrava ima kvalitetu. Imaju mladost bez previ\u0161e iskustva, ali imaju srce i lijepo igraju. Na\u0161i problemi su odre\u0111ene ozljede uz kratku klupu. Nije i\u0161lo i danas je Dubrava bila bolja i iskoristila svoje \u0161anse koje mi nismo.&#8221;<\/em>&#8230;<\/strong>ka\u017ee Lucian Bura.<\/span><\/p>\n<p style=\"font-weight: 400;\"><span style=\"color: #000000;\"><strong><em>&#8221;\u017delim \u010destitati cijeloj ekipi i trenerima. Ne\u0107emo re\u0107i da se nismo nadali jer smo se dva tjedna pripremali za ovu utakmicu. Gorica je jako te\u017eak protivnik, ali borili smo se cijelu utakmicu i ostavili srce na parketu za ovu pobjedu&#8217;<\/em>&#8216;<\/strong>&#8230;ka\u017ee Ivan Barbi\u0107 u svom debiju u dresu Dubrave.<\/span><\/p>\n<p style=\"font-weight: 400;\"><span style=\"color: #000000;\"><em><strong>&#8221;Drago mi je da smo dobro otvorili utakmicu \u0161to je dalo samopouzdanje de\u010dkima koji su shv           atili da netko mo\u017ee biti bolji i iskusniji, ali da ne mo\u017ee biti gladniji pobjede. Ova mlada mom\u010dad mora imati veliki motiv i \u017eelju i to je danas pokazala. \u010cestitam de\u010dkima od srca na strahovito velika dva boda za nas. Dominirali smo \u010ditavim tijekom susreta i ono \u0161to je dobro za ove mlade de\u010dke je da su pokazali karakter kada je utakmica do\u0161la u egal mi smo uspjeli slomiti suparnika&#8221;<\/strong><\/em>&#8230;rije\u010di su presretnog trenera Dubrave Kre\u0161e Ivankovi\u0107a, a njegov kolega\u00a0<strong>Andrija Nikoli\u0107\u00a0<\/strong>nije mogao biti zadovoljan kona\u010dnim ishodom\u00a0<em><strong>&#8221;Stalno smo bili u nekom zaostatku za Dubravom koja je danas odigrala odli\u010dnu utakmicu i mogu samo re\u0107i zaslu\u017eeno pobijedila. Ne\u0161to nam je falilo kada smo do\u0161li u neizvjesnost, a to je prije svega mislim koncentracija kod odre\u0111enih \u0161uteva&#8221;<\/strong><\/em><\/span><\/p>\n<p style=\"font-weight: 400;\"><span style=\"color: #000000;\"><strong>FOTO :<\/strong><\/span><\/p>\n<p style=\"font-weight: 400;\">\n<p style=\"font-weight: 400;\"><img decoding=\"async\" loading=\"lazy\" class=\"aligncenter size-medium wp-image-9168\" src=\"http:\/\/www.rk-dubrava.hr\/web\/wp-content\/uploads\/2021\/09\/Dub-gor-10-300x195.jpg\" alt=\"Dub-gor 10\" width=\"300\" height=\"195\" \/>\u00a0<a href=\"http:\/\/www.rk-dubrava.hr\/web\/wp-content\/uploads\/2021\/09\/Dub-gor-9.jpg\"><img decoding=\"async\" loading=\"lazy\" class=\"aligncenter size-medium wp-image-9167\" src=\"http:\/\/www.rk-dubrava.hr\/web\/wp-content\/uploads\/2021\/09\/Dub-gor-9-300x206.jpg\" alt=\"Dub-gor 9\" width=\"300\" height=\"206\" srcset=\"http:\/\/www.rk-dubrava.hr\/web\/wp-content\/uploads\/2021\/09\/Dub-gor-9-300x206.jpg 300w, http:\/\/www.rk-dubrava.hr\/web\/wp-content\/uploads\/2021\/09\/Dub-gor-9-1024x704.jpg 1024w, http:\/\/www.rk-dubrava.hr\/web\/wp-content\/uploads\/2021\/09\/Dub-gor-9-500x344.jpg 500w, http:\/\/www.rk-dubrava.hr\/web\/wp-content\/uploads\/2021\/09\/Dub-gor-9-400x275.jpg 400w, http:\/\/www.rk-dubrava.hr\/web\/wp-content\/uploads\/2021\/09\/Dub-gor-9.jpg 1280w\" sizes=\"(max-width: 300px) 100vw, 300px\" \/><\/a><\/p>\n<p style=\"font-weight: 400;\"><a href=\"http:\/\/www.rk-dubrava.hr\/web\/wp-content\/uploads\/2021\/09\/Dub-gor-6.jpg\"><img decoding=\"async\" loading=\"lazy\" class=\"aligncenter size-medium wp-image-9169\" src=\"http:\/\/www.rk-dubrava.hr\/web\/wp-content\/uploads\/2021\/09\/Dub-gor-6-300x225.jpg\" alt=\"Dub - gor 6\" width=\"300\" height=\"225\" srcset=\"http:\/\/www.rk-dubrava.hr\/web\/wp-content\/uploads\/2021\/09\/Dub-gor-6-300x225.jpg 300w, http:\/\/www.rk-dubrava.hr\/web\/wp-content\/uploads\/2021\/09\/Dub-gor-6-90x68.jpg 90w, http:\/\/www.rk-dubrava.hr\/web\/wp-content\/uploads\/2021\/09\/Dub-gor-6-1024x768.jpg 1024w, http:\/\/www.rk-dubrava.hr\/web\/wp-content\/uploads\/2021\/09\/Dub-gor-6-500x375.jpg 500w, http:\/\/www.rk-dubrava.hr\/web\/wp-content\/uploads\/2021\/09\/Dub-gor-6-400x300.jpg 400w, http:\/\/www.rk-dubrava.hr\/web\/wp-content\/uploads\/2021\/09\/Dub-gor-6.jpg 1280w\" sizes=\"(max-width: 300px) 100vw, 300px\" \/><\/a><\/p>\n<p style=\"font-weight: 400;\"><a href=\"http:\/\/www.rk-dubrava.hr\/web\/wp-content\/uploads\/2021\/09\/Dub-gor-8.jpg\"><img decoding=\"async\" loading=\"lazy\" class=\"aligncenter size-medium wp-image-9165\" src=\"http:\/\/www.rk-dubrava.hr\/web\/wp-content\/uploads\/2021\/09\/Dub-gor-8-300x198.jpg\" alt=\"Dub-gor 8\" width=\"300\" height=\"198\" srcset=\"http:\/\/www.rk-dubrava.hr\/web\/wp-content\/uploads\/2021\/09\/Dub-gor-8-300x198.jpg 300w, http:\/\/www.rk-dubrava.hr\/web\/wp-content\/uploads\/2021\/09\/Dub-gor-8-1024x676.jpg 1024w, http:\/\/www.rk-dubrava.hr\/web\/wp-content\/uploads\/2021\/09\/Dub-gor-8-500x330.jpg 500w, http:\/\/www.rk-dubrava.hr\/web\/wp-content\/uploads\/2021\/09\/Dub-gor-8-400x264.jpg 400w, http:\/\/www.rk-dubrava.hr\/web\/wp-content\/uploads\/2021\/09\/Dub-gor-8.jpg 1280w\" sizes=\"(max-width: 300px) 100vw, 300px\" \/><\/a><\/p>\n<p style=\"font-weight: 400;\"><a href=\"http:\/\/www.rk-dubrava.hr\/web\/wp-content\/uploads\/2021\/09\/Dub-gor-3.jpg\"><img decoding=\"async\" loading=\"lazy\" class=\"aligncenter size-medium wp-image-9161\" src=\"http:\/\/www.rk-dubrava.hr\/web\/wp-content\/uploads\/2021\/09\/Dub-gor-3-300x200.jpg\" alt=\"Dub-gor 3\" width=\"300\" height=\"200\" srcset=\"http:\/\/www.rk-dubrava.hr\/web\/wp-content\/uploads\/2021\/09\/Dub-gor-3-300x200.jpg 300w, http:\/\/www.rk-dubrava.hr\/web\/wp-content\/uploads\/2021\/09\/Dub-gor-3-1024x684.jpg 1024w, http:\/\/www.rk-dubrava.hr\/web\/wp-content\/uploads\/2021\/09\/Dub-gor-3-500x333.jpg 500w, http:\/\/www.rk-dubrava.hr\/web\/wp-content\/uploads\/2021\/09\/Dub-gor-3-400x267.jpg 400w, http:\/\/www.rk-dubrava.hr\/web\/wp-content\/uploads\/2021\/09\/Dub-gor-3.jpg 1280w\" sizes=\"(max-width: 300px) 100vw, 300px\" \/><\/a><\/p>\n","protected":false},"excerpt":{"rendered":"<p>DUBRAVA\u00a0 29 : 27\u00a0 GORICA &nbsp; Na startu nove sezone Paket 24 Premijer lige\u00a0 rukometa\u0161i Dubrave su na svom parketu slavili protiv Gorice 29:27. Odli\u010dno otvaranje sastava\u00a0Kre\u0161e Ivankovi\u0107a\u00a0i prednost 4:1 [&hellip;]<\/p>\n","protected":false},"author":1,"featured_media":9161,"comment_status":"closed","ping_status":"closed","sticky":false,"template":"","format":"standard","meta":{"footnotes":""},"categories":[1],"tags":[],"_links":{"self":[{"href":"http:\/\/www.rk-dubrava.hr\/web\/index.php?rest_route=\/wp\/v2\/posts\/9158"}],"collection":[{"href":"http:\/\/www.rk-dubrava.hr\/web\/index.php?rest_route=\/wp\/v2\/posts"}],"about":[{"href":"http:\/\/www.rk-dubrava.hr\/web\/index.php?rest_route=\/wp\/v2\/types\/post"}],"author":[{"embeddable":true,"href":"http:\/\/www.rk-dubrava.hr\/web\/index.php?rest_route=\/wp\/v2\/users\/1"}],"replies":[{"embeddable":true,"href":"http:\/\/www.rk-dubrava.hr\/web\/index.php?rest_route=%2Fwp%2Fv2%2Fcomments&post=9158"}],"version-history":[{"count":1,"href":"http:\/\/www.rk-dubrava.hr\/web\/index.php?rest_route=\/wp\/v2\/posts\/9158\/revisions"}],"predecessor-version":[{"id":9171,"href":"http:\/\/www.rk-dubrava.hr\/web\/index.php?rest_route=\/wp\/v2\/posts\/9158\/revisions\/9171"}],"wp:featuredmedia":[{"embeddable":true,"href":"http:\/\/www.rk-dubrava.hr\/web\/index.php?rest_route=\/wp\/v2\/media\/9161"}],"wp:attachment":[{"href":"http:\/\/www.rk-dubrava.hr\/web\/index.php?rest_route=%2Fwp%2Fv2%2Fmedia&parent=9158"}],"wp:term":[{"taxonomy":"category","embeddable":true,"href":"http:\/\/www.rk-dubrava.hr\/web\/index.php?rest_route=%2Fwp%2Fv2%2Fcategories&post=9158"},{"taxonomy":"post_tag","embeddable":true,"href":"http:\/\/www.rk-dubrava.hr\/web\/index.php?rest_route=%2Fwp%2Fv2%2Ftags&post=9158"}],"curies":[{"name":"wp","href":"https:\/\/api.w.org\/{rel}","templated":true}]}}