{"id":9172,"date":"2021-09-16T00:00:07","date_gmt":"2021-09-15T22:00:07","guid":{"rendered":"http:\/\/www.rk-dubrava.hr\/web\/?p=9172"},"modified":"2021-09-16T11:23:21","modified_gmt":"2021-09-16T09:23:21","slug":"najava-utakmice-porec-dubrava","status":"publish","type":"post","link":"http:\/\/www.rk-dubrava.hr\/web\/?p=9172","title":{"rendered":"NAJAVA UTAKMICE PORE\u010c &#8211; DUBRAVA"},"content":{"rendered":"<p style=\"text-align: left;\"><span style=\"color: #000000;\">Nakon pobjede protiv Gorice pred rukometa\u0161ima Dubrave je prvo ovosezonsko gostovanje. Veprovi u subotu (19:00) odlaze u Pore\u010d gdje su tri puta slavili u posljednje tri godine, a posljednjeg puta 13.prosinca pro\u0161le godine kada je bilo 26:22.<\/span><\/p>\n<p style=\"text-align: left;\">\n<span style=\"color: #000000;\"><strong><em>&#8220;Bilo je najva\u017enije otvoriti sezonu pobjedom i to smo uspjeli. Sada nas o\u010dekuje jedno od najte\u017eih gostovanja kod mom\u010dadi koja je mo\u017eda i neo\u010dekivano otvorila sezonu porazom u Karlovcu. Jedno pravo isku\u0161enje za nas mlade igra\u010de i vjerujemo ukoliko budemo igrali obranu kao protiv Gorice da imamo svoju \u0161ansu&#8221;<\/em><\/strong><em>.<\/em>..ka\u017ee mladi Marin Lisac jedna od ve\u0107ih uzdanica trenera Kre\u0161e Ivankovi\u0107a<\/span><\/p>\n<p style=\"text-align: left;\">\n<span style=\"color: #000000;\"><strong><em>&#8220;Mladim igra\u010dima je jako bitno da dobro startaju u prvenstvo \u0161to smo mi i uspjeli. Pokazali su da mogu i ve\u0107 smo u ponedjeljak uzeli gumicu i sve pobrisali jer je pred nama novo te\u0161ko isku\u0161enje u Pore\u010du&#8221;<\/em><\/strong><em>.<\/em>..ka\u017ee Ivankovi\u0107 okre\u0107u\u0107i fokus na subotu. <strong><em>&#8220;Rekao sam de\u010dkima da je ranjeni lav najopasniji, pa tako i Pore\u010d. Izgubili su u Karlovcu i sigurno da \u0107e oni i\u0107i na glavu kako bi pobijedili ovu utakmicu<\/em>.\u00a0<em>Znamo da je lak\u0161e igrati na doma\u0107em terenu jer u gostima mora\u0161 biti pametniji, strpljiviji i vi\u0161e\u00a0<\/em><em>cijeniti loptu. Tako smo se i pripremali kroz ovaj tjedan&#8221;<\/em><\/strong><em>.<\/em>..dodaje Ivankovi\u0107 analiziraju\u0107i Pore\u010d. <strong><em>&#8220;Doveli su Bo\u0161njaka iz Umaga koji prakti\u010dki mijenja ozlije\u0111enog Vedrana Mataiju. Oti\u0161ao im je Luka Moslavac u Nexe i vratio se Tim Toss. Opet nas \u010deka jedna tvrda utakmica protiv mom\u010dadi koja kao i Gorica ima vi\u0161e iskustva, ali mi imamo mladost koja se ne\u0107e tek tako predati&#8221;.<\/em><\/strong><\/span><\/p>\n","protected":false},"excerpt":{"rendered":"<p>Nakon pobjede protiv Gorice pred rukometa\u0161ima Dubrave je prvo ovosezonsko gostovanje. Veprovi u subotu (19:00) odlaze u Pore\u010d gdje su tri puta slavili u posljednje tri godine, a posljednjeg puta [&hellip;]<\/p>\n","protected":false},"author":1,"featured_media":9173,"comment_status":"closed","ping_status":"closed","sticky":false,"template":"","format":"standard","meta":{"footnotes":""},"categories":[1],"tags":[],"_links":{"self":[{"href":"http:\/\/www.rk-dubrava.hr\/web\/index.php?rest_route=\/wp\/v2\/posts\/9172"}],"collection":[{"href":"http:\/\/www.rk-dubrava.hr\/web\/index.php?rest_route=\/wp\/v2\/posts"}],"about":[{"href":"http:\/\/www.rk-dubrava.hr\/web\/index.php?rest_route=\/wp\/v2\/types\/post"}],"author":[{"embeddable":true,"href":"http:\/\/www.rk-dubrava.hr\/web\/index.php?rest_route=\/wp\/v2\/users\/1"}],"replies":[{"embeddable":true,"href":"http:\/\/www.rk-dubrava.hr\/web\/index.php?rest_route=%2Fwp%2Fv2%2Fcomments&post=9172"}],"version-history":[{"count":1,"href":"http:\/\/www.rk-dubrava.hr\/web\/index.php?rest_route=\/wp\/v2\/posts\/9172\/revisions"}],"predecessor-version":[{"id":9174,"href":"http:\/\/www.rk-dubrava.hr\/web\/index.php?rest_route=\/wp\/v2\/posts\/9172\/revisions\/9174"}],"wp:featuredmedia":[{"embeddable":true,"href":"http:\/\/www.rk-dubrava.hr\/web\/index.php?rest_route=\/wp\/v2\/media\/9173"}],"wp:attachment":[{"href":"http:\/\/www.rk-dubrava.hr\/web\/index.php?rest_route=%2Fwp%2Fv2%2Fmedia&parent=9172"}],"wp:term":[{"taxonomy":"category","embeddable":true,"href":"http:\/\/www.rk-dubrava.hr\/web\/index.php?rest_route=%2Fwp%2Fv2%2Fcategories&post=9172"},{"taxonomy":"post_tag","embeddable":true,"href":"http:\/\/www.rk-dubrava.hr\/web\/index.php?rest_route=%2Fwp%2Fv2%2Ftags&post=9172"}],"curies":[{"name":"wp","href":"https:\/\/api.w.org\/{rel}","templated":true}]}}