{"id":9175,"date":"2021-09-19T00:00:39","date_gmt":"2021-09-18T22:00:39","guid":{"rendered":"http:\/\/www.rk-dubrava.hr\/web\/?p=9175"},"modified":"2021-09-19T12:10:20","modified_gmt":"2021-09-19T10:10:20","slug":"paket24-premijer-liga-veprovi-do-druge-pobjede","status":"publish","type":"post","link":"http:\/\/www.rk-dubrava.hr\/web\/?p=9175","title":{"rendered":"Paket24 Premijer liga : VEPROVI DO DRUGE POBJEDE"},"content":{"rendered":"<h3 style=\"text-align: center;\"><span style=\"color: #ff0000;\">PORE\u010c\u00a0 22:25\u00a0 DUBRAVA <\/span><\/h3>\n<p><span style=\"color: #000000;\">Na uvijek te\u0161kom gostovanju u Istri,\u00a0<strong>Dubrava<\/strong>\u00a0je nakon Gorice dobila i\u00a0<strong>Pore\u010d <\/strong>u sklopu 2.kola\u00a0Paket24 Premijer lige Liga-A, te tako potvrdila da je slo\u017eila vrlo dobru mom\u010dad za novu sezonu.\u00a0<\/span><\/p>\n<p><span style=\"color: #000000;\">Na samom po\u010detku vi\u0161e od \u010detiri minute trebalo je \u010dekati na prvi pogodak u\u00a0SD Veli Jo\u017ee<i>.<\/i>\u00a0Postigao ga je doma\u0107in. I zadr\u017eao prednost od pogotka ili dva, sve do posljednje minute. Zahvaljuju\u0107i velikom broju tehni\u010dkih pogre\u0161aka s obje strane na predah se oti\u0161lo sa skromnih, 8:8.<\/span><\/p>\n<p><span style=\"color: #000000;\">Dubrava je do prve prednosti stigla odmah na po\u010detku drugog dijela. Doma\u0107in se na kratko vratio u prednost, ali je isto tako brzo i izgubio. Dubrava je do kraja dr\u017eala minimalnu prednost. Pri tome smo imali \u010dak osam izjedna\u010denja. Ali, gosti su mirnije i sigurnije odigrali samu zavr\u0161nicu i upisali drugu pobjedu na po\u010detku nove sezone. A Pore\u010d drugi poraz.\u00a0Kao i prije tjedan dana, najefikasniji u redovima Dubrave bio je\u00a0<strong>Ivan Barbi\u0107<\/strong>\u00a0sa sedam pogodaka\u00a0dok je vratar <strong>Dominik Markovi\u0107<\/strong> sakupio pet obrana.<\/span><\/p>\n<p><span style=\"color: #000000;\">U idu\u0107em 3.kolu Veprovi na svom parketu do\u010dekuju ekipu Spa\u010dve iz Vinkovaca. Utakmica je na rasporedu u subotu, 25.09. sa po\u010detkom u 19:00 sati.<\/span><\/p>\n<p><span style=\"color: #000000;\">DUBRAVA :\u00a0Matov, Kajba 1 obrana (1+0), Markovi\u0107 5 obrana (4+1); Vozab 5, Barbi\u0107 7, Mandi\u0107, \u0160ali\u0107, Tur\u010di\u0107 1, Lisac 3, Malba\u0161i\u0107 3, Sofi\u0107, Obradovi\u0107 2, Ka\u0161telan 1, Komljenovi\u0107 3, Molc. Trener Kre\u0161o Ivankovi\u0107.<\/span><\/p>\n<p>FOTO :<\/p>\n<p><a href=\"http:\/\/www.rk-dubrava.hr\/web\/wp-content\/uploads\/2021\/09\/Pore\u010d-Dubrava-3.jpg\"><img decoding=\"async\" loading=\"lazy\" class=\"aligncenter size-full wp-image-9178\" src=\"http:\/\/www.rk-dubrava.hr\/web\/wp-content\/uploads\/2021\/09\/Pore\u010d-Dubrava-3.jpg\" alt=\"Pore\u010d-Dubrava 3\" width=\"400\" height=\"266\" srcset=\"http:\/\/www.rk-dubrava.hr\/web\/wp-content\/uploads\/2021\/09\/Pore\u010d-Dubrava-3.jpg 400w, http:\/\/www.rk-dubrava.hr\/web\/wp-content\/uploads\/2021\/09\/Pore\u010d-Dubrava-3-300x199.jpg 300w\" sizes=\"(max-width: 400px) 100vw, 400px\" \/><\/a><\/p>\n<p><a href=\"http:\/\/www.rk-dubrava.hr\/web\/wp-content\/uploads\/2021\/09\/Pore\u010d-Dubrava-2.jpg\"><img decoding=\"async\" loading=\"lazy\" class=\"aligncenter size-full wp-image-9179\" src=\"http:\/\/www.rk-dubrava.hr\/web\/wp-content\/uploads\/2021\/09\/Pore\u010d-Dubrava-2.jpg\" alt=\"Pore\u010d-Dubrava 2\" width=\"400\" height=\"266\" srcset=\"http:\/\/www.rk-dubrava.hr\/web\/wp-content\/uploads\/2021\/09\/Pore\u010d-Dubrava-2.jpg 400w, http:\/\/www.rk-dubrava.hr\/web\/wp-content\/uploads\/2021\/09\/Pore\u010d-Dubrava-2-300x199.jpg 300w\" sizes=\"(max-width: 400px) 100vw, 400px\" \/><\/a><\/p>\n<p><a href=\"http:\/\/www.rk-dubrava.hr\/web\/wp-content\/uploads\/2021\/09\/Pore\u010d-Dubrava-1.jpg\"><img decoding=\"async\" loading=\"lazy\" class=\"aligncenter size-full wp-image-9176\" src=\"http:\/\/www.rk-dubrava.hr\/web\/wp-content\/uploads\/2021\/09\/Pore\u010d-Dubrava-1.jpg\" alt=\"Pore\u010d-Dubrava 1\" width=\"400\" height=\"266\" srcset=\"http:\/\/www.rk-dubrava.hr\/web\/wp-content\/uploads\/2021\/09\/Pore\u010d-Dubrava-1.jpg 400w, http:\/\/www.rk-dubrava.hr\/web\/wp-content\/uploads\/2021\/09\/Pore\u010d-Dubrava-1-300x199.jpg 300w\" sizes=\"(max-width: 400px) 100vw, 400px\" \/><\/a><\/p>\n<p><a href=\"http:\/\/www.rk-dubrava.hr\/web\/wp-content\/uploads\/2021\/09\/Pore\u010d-Dubrava-4.jpg\"><img decoding=\"async\" loading=\"lazy\" class=\"aligncenter size-full wp-image-9177\" src=\"http:\/\/www.rk-dubrava.hr\/web\/wp-content\/uploads\/2021\/09\/Pore\u010d-Dubrava-4.jpg\" alt=\"Pore\u010d-Dubrava 4\" width=\"400\" height=\"266\" srcset=\"http:\/\/www.rk-dubrava.hr\/web\/wp-content\/uploads\/2021\/09\/Pore\u010d-Dubrava-4.jpg 400w, http:\/\/www.rk-dubrava.hr\/web\/wp-content\/uploads\/2021\/09\/Pore\u010d-Dubrava-4-300x199.jpg 300w\" sizes=\"(max-width: 400px) 100vw, 400px\" \/><\/a><\/p>\n<p>&nbsp;<\/p>\n","protected":false},"excerpt":{"rendered":"<p>PORE\u010c\u00a0 22:25\u00a0 DUBRAVA Na uvijek te\u0161kom gostovanju u Istri,\u00a0Dubrava\u00a0je nakon Gorice dobila i\u00a0Pore\u010d u sklopu 2.kola\u00a0Paket24 Premijer lige Liga-A, te tako potvrdila da je slo\u017eila vrlo dobru mom\u010dad za novu [&hellip;]<\/p>\n","protected":false},"author":1,"featured_media":9177,"comment_status":"closed","ping_status":"closed","sticky":false,"template":"","format":"standard","meta":{"footnotes":""},"categories":[1],"tags":[],"_links":{"self":[{"href":"http:\/\/www.rk-dubrava.hr\/web\/index.php?rest_route=\/wp\/v2\/posts\/9175"}],"collection":[{"href":"http:\/\/www.rk-dubrava.hr\/web\/index.php?rest_route=\/wp\/v2\/posts"}],"about":[{"href":"http:\/\/www.rk-dubrava.hr\/web\/index.php?rest_route=\/wp\/v2\/types\/post"}],"author":[{"embeddable":true,"href":"http:\/\/www.rk-dubrava.hr\/web\/index.php?rest_route=\/wp\/v2\/users\/1"}],"replies":[{"embeddable":true,"href":"http:\/\/www.rk-dubrava.hr\/web\/index.php?rest_route=%2Fwp%2Fv2%2Fcomments&post=9175"}],"version-history":[{"count":2,"href":"http:\/\/www.rk-dubrava.hr\/web\/index.php?rest_route=\/wp\/v2\/posts\/9175\/revisions"}],"predecessor-version":[{"id":9181,"href":"http:\/\/www.rk-dubrava.hr\/web\/index.php?rest_route=\/wp\/v2\/posts\/9175\/revisions\/9181"}],"wp:featuredmedia":[{"embeddable":true,"href":"http:\/\/www.rk-dubrava.hr\/web\/index.php?rest_route=\/wp\/v2\/media\/9177"}],"wp:attachment":[{"href":"http:\/\/www.rk-dubrava.hr\/web\/index.php?rest_route=%2Fwp%2Fv2%2Fmedia&parent=9175"}],"wp:term":[{"taxonomy":"category","embeddable":true,"href":"http:\/\/www.rk-dubrava.hr\/web\/index.php?rest_route=%2Fwp%2Fv2%2Fcategories&post=9175"},{"taxonomy":"post_tag","embeddable":true,"href":"http:\/\/www.rk-dubrava.hr\/web\/index.php?rest_route=%2Fwp%2Fv2%2Ftags&post=9175"}],"curies":[{"name":"wp","href":"https:\/\/api.w.org\/{rel}","templated":true}]}}