{"id":9219,"date":"2021-11-11T00:00:07","date_gmt":"2021-11-10T23:00:07","guid":{"rendered":"http:\/\/www.rk-dubrava.hr\/web\/?p=9219"},"modified":"2021-11-11T10:36:33","modified_gmt":"2021-11-11T09:36:33","slug":"9219","status":"publish","type":"post","link":"http:\/\/www.rk-dubrava.hr\/web\/?p=9219","title":{"rendered":"Najava utakmice 13.11. DUBRAVA &#8211; PORE\u010c"},"content":{"rendered":"<p><span style=\"color: #000000;\">Nakon reprezentativne pauze rukometa\u0161i Dubrave vra\u0107aju se nastavku sezone u Paket 24 Premijer lige. U 9.kolu, u subotu od 18 sati do\u010dekuju Pore\u010d kojeg su na startu sezone svladali u Pore\u010du 25:22. Trener Dubrave\u00a0<strong>Kre\u0161o Ivankovi\u0107<\/strong>\u00a0kao trener juniorske reprezentacije nije bio sedam dana sa svojom mom\u010dadi, ali je u krugu reprezentativaca imao tri Dubrava\u0161a\u00a0<strong>Marina Lisca, Ivana Barbi\u0107a i Mateja Komljenovi\u0107a<\/strong><\/span><\/p>\n<p style=\"font-weight: 400;\"><span style=\"color: #000000;\"><em><strong>&#8221;Okupljanje juniorske reprezentacije je bilo odli\u010dno odra\u0111eno i bili smo skupa sa seniorskom reprezentacijom s kojom smo odigrali jednu utakmicu. Bilo je to jedno veliko iskustvo za na\u0161e igra\u010de i jedna nagrada za ono \u0161to se dogodilo u osmom mjesecu. Vjerujem da se ne\u0107e osjetiti nedostatak zajedni\u010dkih treninga jer smo sli\u010dnu stvar imali i na po\u010detku rujna kada smo u prva \u010detiri kola osvojili osam bodova&#8221;<\/strong><\/em>..kazao nam je Ivankovi\u0107 i brzo se prebacio na temu nastavka sezone :\u00a0<em><strong>&#8221;Vratili smo se u klub i novi ritam jer nas ve\u0107 u subotu o\u010dekuje Pore\u010d u jednoj od klju\u010dnih utakmica za nas gdje moramo i\u0107i po dva\u00a0boda i poku\u0161ati pobijediti. Tako smo se i pripremali ovaj tjedan. Ova utakmica \u0107e se razlikovati od one u Pore\u010du kada smo mi imali vratara Dominika Markovi\u0107a i sto\u017eernog igra\u010da u obrani Mislava Obradovi\u0107a gdje nam je trenutno najve\u0107i problem. De\u010dki koji igraju na toj poziciji se trude da \u010dim prije uhvate konce i da na\u0161a obrana izgleda dobro&#8221;<\/strong><\/em><\/span><\/p>\n<p style=\"font-weight: 400;\"><span style=\"color: #000000;\">Dubrava ima bod vi\u0161e od Pore\u010da i pobjednik ove utakmice bi u nastavku sezone imao prednost u utrci za prva tri mjesta koja vode u Ligu za prvaka<em>\u00a0<strong>&#8221;Znamo da bi s tom pobjedom i uz jo\u0161 dvije doma\u0107e pobjede bili najbli\u017ee tom drugom ili tre\u0107em mjestu. Pore\u010d ima iskusnu mom\u010dad koju predvodi Tomislav Bo\u0161njak, pa Tim Thoos, Matija Ra\u0111akovi\u0107 i Antonio Ljubi\u0107 na crti. Igraju 3-2-1 zonu i 6-0 i sigurno da \u0107e kao i uvijek s Pore\u010dom biti jedna tvrda i neizvjesna utakmica&#8221;<\/strong><\/em>\u2026zaklju\u010dio je Ivankovi\u0107.<\/span><\/p>\n","protected":false},"excerpt":{"rendered":"<p>Nakon reprezentativne pauze rukometa\u0161i Dubrave vra\u0107aju se nastavku sezone u Paket 24 Premijer lige. U 9.kolu, u subotu od 18 sati do\u010dekuju Pore\u010d kojeg su na startu sezone svladali u [&hellip;]<\/p>\n","protected":false},"author":1,"featured_media":9220,"comment_status":"closed","ping_status":"closed","sticky":false,"template":"","format":"standard","meta":{"footnotes":""},"categories":[1],"tags":[],"_links":{"self":[{"href":"http:\/\/www.rk-dubrava.hr\/web\/index.php?rest_route=\/wp\/v2\/posts\/9219"}],"collection":[{"href":"http:\/\/www.rk-dubrava.hr\/web\/index.php?rest_route=\/wp\/v2\/posts"}],"about":[{"href":"http:\/\/www.rk-dubrava.hr\/web\/index.php?rest_route=\/wp\/v2\/types\/post"}],"author":[{"embeddable":true,"href":"http:\/\/www.rk-dubrava.hr\/web\/index.php?rest_route=\/wp\/v2\/users\/1"}],"replies":[{"embeddable":true,"href":"http:\/\/www.rk-dubrava.hr\/web\/index.php?rest_route=%2Fwp%2Fv2%2Fcomments&post=9219"}],"version-history":[{"count":3,"href":"http:\/\/www.rk-dubrava.hr\/web\/index.php?rest_route=\/wp\/v2\/posts\/9219\/revisions"}],"predecessor-version":[{"id":9223,"href":"http:\/\/www.rk-dubrava.hr\/web\/index.php?rest_route=\/wp\/v2\/posts\/9219\/revisions\/9223"}],"wp:featuredmedia":[{"embeddable":true,"href":"http:\/\/www.rk-dubrava.hr\/web\/index.php?rest_route=\/wp\/v2\/media\/9220"}],"wp:attachment":[{"href":"http:\/\/www.rk-dubrava.hr\/web\/index.php?rest_route=%2Fwp%2Fv2%2Fmedia&parent=9219"}],"wp:term":[{"taxonomy":"category","embeddable":true,"href":"http:\/\/www.rk-dubrava.hr\/web\/index.php?rest_route=%2Fwp%2Fv2%2Fcategories&post=9219"},{"taxonomy":"post_tag","embeddable":true,"href":"http:\/\/www.rk-dubrava.hr\/web\/index.php?rest_route=%2Fwp%2Fv2%2Ftags&post=9219"}],"curies":[{"name":"wp","href":"https:\/\/api.w.org\/{rel}","templated":true}]}}