{"id":9333,"date":"2022-10-06T00:00:31","date_gmt":"2022-10-05T22:00:31","guid":{"rendered":"http:\/\/www.rk-dubrava.hr\/web\/?p=9333"},"modified":"2022-10-06T10:02:48","modified_gmt":"2022-10-06T08:02:48","slug":"najava-utakmice-dubrava-gorica-09-10","status":"publish","type":"post","link":"http:\/\/www.rk-dubrava.hr\/web\/?p=9333","title":{"rendered":"Najava utakmice DUBRAVA &#8211; GORICA (09.10.)"},"content":{"rendered":"<p style=\"font-weight: 400;\">NAJAVA UTAKMICE RK DUBRAVA \u2013 HRK GORICA (Nedjelja, 09.10. u 17.00 \u2013 SPTV)<\/p>\n<p style=\"font-weight: 400;\">\n<p style=\"font-weight: 400;\"><span style=\"color: #000000;\"><strong>Kre\u0161o Ivankovi\u0107, trener RK Dubrava :<\/strong> <em>&#8221; Nakon odgode utakmice s Nexeom dobro nam je do\u0161la ova pauza jer smo imali vi\u0161e vremena za pripremu te\u0161ke utakmice s Goricom. Ulazimo u susret oslabljeni jer ne\u0107emo imati Nedjeljka Jurkovi\u0107a koji se razbolio i kojem \u017eelimo brzi oporavak. Nedjeljka ne\u0107e biti du\u017ee vrijeme i s obzirom da na svakoj poziciji imamo dva ili tri igra\u010da vjerujemo da mo\u017eemo nadoknaditi njegov izostanak. I Gorica je na startu sezone imala malo problema jer ima dosta novih igra\u010da pogotovo na vanjskoj liniji gdje se uigravaju, a tradicionalno dobro igraju u Dubravi. Predvo\u0111eni jako dobrim trenerom Andrijom Nikoli\u0107em sigurno \u0107e zaigrati \u010dvrsto i agresivno, a tako isto moramo i mi odgovoriti ukoliko \u017eelimo upisati novu pobjedu&#8221;.<\/em><\/span><\/p>\n<p style=\"font-weight: 400;\"><span style=\"color: #000000;\"><strong>Stjepan Malba\u0161i\u0107, igra\u010d RK Dubrava :<\/strong> <em>&#8221; Imali smo ve\u0107i broj dana za pripremu ove utakmice i nadamo se da \u0107e se to vidjeti u nedjelju. Gorica je ozbiljna mom\u010dad, a mi smo protiv Ka\u0161tela pokazali kakvu obranu mo\u017eemo odigrati i ukoliko ponovimo to izdanje uz napada\u010dki potencijal koji imamo uvjereni smo da \u0107e bodovi ostati u Dubravi&#8221;.<\/em><\/span><\/p>\n","protected":false},"excerpt":{"rendered":"<p>NAJAVA UTAKMICE RK DUBRAVA \u2013 HRK GORICA (Nedjelja, 09.10. u 17.00 \u2013 SPTV) Kre\u0161o Ivankovi\u0107, trener RK Dubrava : &#8221; Nakon odgode utakmice s Nexeom dobro nam je do\u0161la ova [&hellip;]<\/p>\n","protected":false},"author":1,"featured_media":9334,"comment_status":"closed","ping_status":"closed","sticky":false,"template":"","format":"standard","meta":{"footnotes":""},"categories":[1],"tags":[],"_links":{"self":[{"href":"http:\/\/www.rk-dubrava.hr\/web\/index.php?rest_route=\/wp\/v2\/posts\/9333"}],"collection":[{"href":"http:\/\/www.rk-dubrava.hr\/web\/index.php?rest_route=\/wp\/v2\/posts"}],"about":[{"href":"http:\/\/www.rk-dubrava.hr\/web\/index.php?rest_route=\/wp\/v2\/types\/post"}],"author":[{"embeddable":true,"href":"http:\/\/www.rk-dubrava.hr\/web\/index.php?rest_route=\/wp\/v2\/users\/1"}],"replies":[{"embeddable":true,"href":"http:\/\/www.rk-dubrava.hr\/web\/index.php?rest_route=%2Fwp%2Fv2%2Fcomments&post=9333"}],"version-history":[{"count":1,"href":"http:\/\/www.rk-dubrava.hr\/web\/index.php?rest_route=\/wp\/v2\/posts\/9333\/revisions"}],"predecessor-version":[{"id":9335,"href":"http:\/\/www.rk-dubrava.hr\/web\/index.php?rest_route=\/wp\/v2\/posts\/9333\/revisions\/9335"}],"wp:featuredmedia":[{"embeddable":true,"href":"http:\/\/www.rk-dubrava.hr\/web\/index.php?rest_route=\/wp\/v2\/media\/9334"}],"wp:attachment":[{"href":"http:\/\/www.rk-dubrava.hr\/web\/index.php?rest_route=%2Fwp%2Fv2%2Fmedia&parent=9333"}],"wp:term":[{"taxonomy":"category","embeddable":true,"href":"http:\/\/www.rk-dubrava.hr\/web\/index.php?rest_route=%2Fwp%2Fv2%2Fcategories&post=9333"},{"taxonomy":"post_tag","embeddable":true,"href":"http:\/\/www.rk-dubrava.hr\/web\/index.php?rest_route=%2Fwp%2Fv2%2Ftags&post=9333"}],"curies":[{"name":"wp","href":"https:\/\/api.w.org\/{rel}","templated":true}]}}