{"id":9342,"date":"2022-10-21T00:00:55","date_gmt":"2022-10-20T22:00:55","guid":{"rendered":"http:\/\/www.rk-dubrava.hr\/web\/?p=9342"},"modified":"2022-10-21T11:31:54","modified_gmt":"2022-10-21T09:31:54","slug":"najava-utakmice-grk-varazdin-dubrava-22-10","status":"publish","type":"post","link":"http:\/\/www.rk-dubrava.hr\/web\/?p=9342","title":{"rendered":"Najava utakmice GRK VARA\u017dDIN &#8211; DUBRAVA (22.10.)"},"content":{"rendered":"<p><span style=\"color: #000000;\">U sklopu 6.kola Paket24 Premijer lige u subotu, 22.10.2022., sa po\u010detkom u 19:00 sati, sastaju se ekipe GRK Vara\u017edina i RK Dubrave. Svoja razmi\u0161ljanja prije gostovanja u Vara\u017edinu\u00a0iznijeli su trener Kre\u0161o Ivankovi\u0107 i igra\u010d Dino Sofi\u0107.<\/span><\/p>\n<p style=\"font-weight: 400;\"><strong>Kre\u0161o Ivankovi\u0107 :<\/strong> <em>&#8221;Iza nas je tjedan priprema za gostovanje u Vara\u017edinu gdje nakon doma\u0107eg poraza od Gorice o\u010dekujemo bolju igru i da donesemo dva boda u Dubravu. Ne\u0107e nas zavarati odlazak njihovog najboljeg igra\u010da Fabijana Grubi\u0161i\u0107a jer znamo da Vara\u017edin ima kvalitetnu mom\u010dad. Na nama je da se fokusiramo na na\u0161u igri i ako odigramo na razini igre protiv Gorice iz prvog poluvremena onda se imamo pravo nadati dobrom rezultatu&#8221;.<\/em><\/p>\n<p style=\"font-weight: 400;\"><strong>Dino Sofi\u0107 :<\/strong> <em>&#8221;Trenirali smo jako dobro ovaj tjedan i potrebna nam je pobjeda nakon doma\u0107eg poraza od Gorice. Odlaskom Grubi\u0161i\u0107a vjerujemo da su na\u0161e \u0161anse za pobjedu u Vara\u017edinu puno ve\u0107e. Recept je agresivna obrana s velikim brojem kontranapada s kojima bi \u017eeljeli do\u0107i do lakih golova. Poraz od Gorice smo izbrisali iz na\u0161ih glava i s puno samopouzdanja odlazimo na ovo gostovanje&#8221;.<\/em><\/p>\n","protected":false},"excerpt":{"rendered":"<p>U sklopu 6.kola Paket24 Premijer lige u subotu, 22.10.2022., sa po\u010detkom u 19:00 sati, sastaju se ekipe GRK Vara\u017edina i RK Dubrave. Svoja razmi\u0161ljanja prije gostovanja u Vara\u017edinu\u00a0iznijeli su trener [&hellip;]<\/p>\n","protected":false},"author":1,"featured_media":9343,"comment_status":"closed","ping_status":"closed","sticky":false,"template":"","format":"standard","meta":{"footnotes":""},"categories":[1],"tags":[],"_links":{"self":[{"href":"http:\/\/www.rk-dubrava.hr\/web\/index.php?rest_route=\/wp\/v2\/posts\/9342"}],"collection":[{"href":"http:\/\/www.rk-dubrava.hr\/web\/index.php?rest_route=\/wp\/v2\/posts"}],"about":[{"href":"http:\/\/www.rk-dubrava.hr\/web\/index.php?rest_route=\/wp\/v2\/types\/post"}],"author":[{"embeddable":true,"href":"http:\/\/www.rk-dubrava.hr\/web\/index.php?rest_route=\/wp\/v2\/users\/1"}],"replies":[{"embeddable":true,"href":"http:\/\/www.rk-dubrava.hr\/web\/index.php?rest_route=%2Fwp%2Fv2%2Fcomments&post=9342"}],"version-history":[{"count":1,"href":"http:\/\/www.rk-dubrava.hr\/web\/index.php?rest_route=\/wp\/v2\/posts\/9342\/revisions"}],"predecessor-version":[{"id":9344,"href":"http:\/\/www.rk-dubrava.hr\/web\/index.php?rest_route=\/wp\/v2\/posts\/9342\/revisions\/9344"}],"wp:featuredmedia":[{"embeddable":true,"href":"http:\/\/www.rk-dubrava.hr\/web\/index.php?rest_route=\/wp\/v2\/media\/9343"}],"wp:attachment":[{"href":"http:\/\/www.rk-dubrava.hr\/web\/index.php?rest_route=%2Fwp%2Fv2%2Fmedia&parent=9342"}],"wp:term":[{"taxonomy":"category","embeddable":true,"href":"http:\/\/www.rk-dubrava.hr\/web\/index.php?rest_route=%2Fwp%2Fv2%2Fcategories&post=9342"},{"taxonomy":"post_tag","embeddable":true,"href":"http:\/\/www.rk-dubrava.hr\/web\/index.php?rest_route=%2Fwp%2Fv2%2Ftags&post=9342"}],"curies":[{"name":"wp","href":"https:\/\/api.w.org\/{rel}","templated":true}]}}