{"id":9349,"date":"2022-11-04T00:00:06","date_gmt":"2022-11-03T23:00:06","guid":{"rendered":"http:\/\/www.rk-dubrava.hr\/web\/?p=9349"},"modified":"2022-11-04T11:08:06","modified_gmt":"2022-11-04T10:08:06","slug":"najava-utakmice-zamet-dubrava-05-11","status":"publish","type":"post","link":"http:\/\/www.rk-dubrava.hr\/web\/?p=9349","title":{"rendered":"Najava utakmice ZAMET &#8211; DUBRAVA (05.11.)"},"content":{"rendered":"<p><span style=\"color: #000000;\">Utakmicu 8.kola Paket24 Premijer lige, Zamet &#8211; Dubrava, koja je na rasporedu 05.11. u 17:00 sati, najavili su trener Kre\u0161o Ivankovi\u0107 i mladi Maksimilijan Molc.<\/span><\/p>\n<p><span style=\"color: #000000;\"><strong>Kre\u0161o Ivankovi\u0107<\/strong>, trener Dubrave : <em>&#8221;Tradicionalno je Zamet mom\u010dad koja nama ba\u0161 ne odgovara. Sada smo oslabljeni odlaskom Karla Juri\u0107a i kako se ka\u017ee koga nema bez njega se mo\u017ee i mora. Njegovim odlaskom i na\u0161a igra \u0107e se morati koncepcijski mijenjati, a ono na \u010demu moramo ustrajati je da na\u0161a igra u napadu bude puno br\u017ea. Njihovi ovosezonski rezultati nas ne\u0107e zavarati i moramo i\u0107i na na\u0161em maksimumu ako \u017eelimo nastaviti ovaj pobjedni\u010dki niz koji je startao u Vara\u017edinu.&#8221;<\/em><\/span><\/p>\n<p><span style=\"color: #000000;\"><strong>Maksimilijan Molc<\/strong> : <em>&#8221;Nakon va\u017enih pobjeda u Vara\u017edinu i na doma\u0107em parketu protiv Metkovi\u0107a idemo u Rijeku protiv Zameta poku\u0161ati nastaviti ovaj pobjedni\u010dki niz. Ono \u0161to sigurno ne smijemo napraviti u Rijeci je to da ih podcijenimo jer znamo da smo mlada mom\u010dad koja nema jo\u0161 puno iskustva u Premijer ligi. Moramo kompenzirati odlazak Karla Juri\u0107a, ali uvjeren sam da u na\u0161oj mom\u010dadi ima igra\u010da koji mogu adekvatno pokriti poziciju koju je Karlo igrao&#8221;.<\/em><\/span><\/p>\n","protected":false},"excerpt":{"rendered":"<p>Utakmicu 8.kola Paket24 Premijer lige, Zamet &#8211; Dubrava, koja je na rasporedu 05.11. u 17:00 sati, najavili su trener Kre\u0161o Ivankovi\u0107 i mladi Maksimilijan Molc. Kre\u0161o Ivankovi\u0107, trener Dubrave : [&hellip;]<\/p>\n","protected":false},"author":1,"featured_media":9350,"comment_status":"closed","ping_status":"closed","sticky":false,"template":"","format":"standard","meta":{"footnotes":""},"categories":[1],"tags":[],"_links":{"self":[{"href":"http:\/\/www.rk-dubrava.hr\/web\/index.php?rest_route=\/wp\/v2\/posts\/9349"}],"collection":[{"href":"http:\/\/www.rk-dubrava.hr\/web\/index.php?rest_route=\/wp\/v2\/posts"}],"about":[{"href":"http:\/\/www.rk-dubrava.hr\/web\/index.php?rest_route=\/wp\/v2\/types\/post"}],"author":[{"embeddable":true,"href":"http:\/\/www.rk-dubrava.hr\/web\/index.php?rest_route=\/wp\/v2\/users\/1"}],"replies":[{"embeddable":true,"href":"http:\/\/www.rk-dubrava.hr\/web\/index.php?rest_route=%2Fwp%2Fv2%2Fcomments&post=9349"}],"version-history":[{"count":1,"href":"http:\/\/www.rk-dubrava.hr\/web\/index.php?rest_route=\/wp\/v2\/posts\/9349\/revisions"}],"predecessor-version":[{"id":9351,"href":"http:\/\/www.rk-dubrava.hr\/web\/index.php?rest_route=\/wp\/v2\/posts\/9349\/revisions\/9351"}],"wp:featuredmedia":[{"embeddable":true,"href":"http:\/\/www.rk-dubrava.hr\/web\/index.php?rest_route=\/wp\/v2\/media\/9350"}],"wp:attachment":[{"href":"http:\/\/www.rk-dubrava.hr\/web\/index.php?rest_route=%2Fwp%2Fv2%2Fmedia&parent=9349"}],"wp:term":[{"taxonomy":"category","embeddable":true,"href":"http:\/\/www.rk-dubrava.hr\/web\/index.php?rest_route=%2Fwp%2Fv2%2Fcategories&post=9349"},{"taxonomy":"post_tag","embeddable":true,"href":"http:\/\/www.rk-dubrava.hr\/web\/index.php?rest_route=%2Fwp%2Fv2%2Ftags&post=9349"}],"curies":[{"name":"wp","href":"https:\/\/api.w.org\/{rel}","templated":true}]}}