{"id":9464,"date":"2023-08-14T11:11:58","date_gmt":"2023-08-14T09:11:58","guid":{"rendered":"http:\/\/www.rk-dubrava.hr\/web\/?p=9464"},"modified":"2023-08-25T15:02:41","modified_gmt":"2023-08-25T13:02:41","slug":"mlade-dobne-skupine-pocetak-priprema","status":"publish","type":"post","link":"http:\/\/www.rk-dubrava.hr\/web\/?p=9464","title":{"rendered":"Mla\u0111e dobne skupine &#8211; po\u010detak priprema"},"content":{"rendered":"\n<p class=\"has-medium-font-size\">Dok na\u0161i seniori naporno treniraju ve\u0107 vi\u0161e od dva tjedna, do\u0161ao je red i na na\u0161e mla\u0111e kategorije. Treninzi zapo\u010dinju <strong>16. kolovoza<\/strong> kada \u0107e se sve ekipe, osim najmla\u0111ih &#8220;mini\u0107a&#8221; U9, okupiti na prvom treningu u SD Dubravi. Nakon uvodnog djela u Zagrebu, \u010detiri na\u0161e generacije putuju na Vla\u0161i\u0107 (BiH) gdje \u0107e 6 dana odra\u0111ivati pripreme. Trener <strong>Branimir Kutnjak<\/strong> vodit \u0107e ekipe <strong>U17<\/strong> (2006.\/2007.) i <strong>U13<\/strong> (2010.\/2011.), Zvonimir Bili\u0107 <strong>U15<\/strong> (2008.\/2009.) te Tin \u0160eremet <strong>U11<\/strong> (2012.\/2013.) i <strong>U9<\/strong> (2014. i mla\u0111i). <\/p>\n\n\n\n<p class=\"has-medium-font-size\">Raspored priprema MDS:<\/p>\n\n\n\n<p class=\"has-medium-font-size\"><strong><em>16. kolovoz &#8211; 21. kolovoz<\/em><\/strong> <strong>&#8211;<\/strong> prvi dio priprema u Zagrebu<\/p>\n\n\n\n<p class=\"has-medium-font-size\"><strong><em>22. kolovoz &#8211; 27. kolovoz<\/em><\/strong> &#8211; pripreme na Vla\u0161i\u0107u<\/p>\n\n\n\n<p class=\"has-medium-font-size\"><strong><em>29. kolovoz &#8211; 1. rujan<\/em><\/strong> &#8211; Vepar Cup<\/p>\n\n\n\n<p class=\"has-medium-font-size\"><strong><em>4. rujan<\/em><\/strong> &#8211; po\u010detak nove \u0161kolske godine i povratak u standardni re\u017eim treniranja<\/p>\n","protected":false},"excerpt":{"rendered":"<p>Dok na\u0161i seniori naporno treniraju ve\u0107 vi\u0161e od dva tjedna, do\u0161ao je red i na na\u0161e mla\u0111e kategorije. Treninzi zapo\u010dinju 16. kolovoza kada \u0107e se sve ekipe, osim najmla\u0111ih &#8220;mini\u0107a&#8221; [&hellip;]<\/p>\n","protected":false},"author":1,"featured_media":9465,"comment_status":"closed","ping_status":"closed","sticky":false,"template":"","format":"standard","meta":{"footnotes":""},"categories":[70],"tags":[],"_links":{"self":[{"href":"http:\/\/www.rk-dubrava.hr\/web\/index.php?rest_route=\/wp\/v2\/posts\/9464"}],"collection":[{"href":"http:\/\/www.rk-dubrava.hr\/web\/index.php?rest_route=\/wp\/v2\/posts"}],"about":[{"href":"http:\/\/www.rk-dubrava.hr\/web\/index.php?rest_route=\/wp\/v2\/types\/post"}],"author":[{"embeddable":true,"href":"http:\/\/www.rk-dubrava.hr\/web\/index.php?rest_route=\/wp\/v2\/users\/1"}],"replies":[{"embeddable":true,"href":"http:\/\/www.rk-dubrava.hr\/web\/index.php?rest_route=%2Fwp%2Fv2%2Fcomments&post=9464"}],"version-history":[{"count":2,"href":"http:\/\/www.rk-dubrava.hr\/web\/index.php?rest_route=\/wp\/v2\/posts\/9464\/revisions"}],"predecessor-version":[{"id":9478,"href":"http:\/\/www.rk-dubrava.hr\/web\/index.php?rest_route=\/wp\/v2\/posts\/9464\/revisions\/9478"}],"wp:featuredmedia":[{"embeddable":true,"href":"http:\/\/www.rk-dubrava.hr\/web\/index.php?rest_route=\/wp\/v2\/media\/9465"}],"wp:attachment":[{"href":"http:\/\/www.rk-dubrava.hr\/web\/index.php?rest_route=%2Fwp%2Fv2%2Fmedia&parent=9464"}],"wp:term":[{"taxonomy":"category","embeddable":true,"href":"http:\/\/www.rk-dubrava.hr\/web\/index.php?rest_route=%2Fwp%2Fv2%2Fcategories&post=9464"},{"taxonomy":"post_tag","embeddable":true,"href":"http:\/\/www.rk-dubrava.hr\/web\/index.php?rest_route=%2Fwp%2Fv2%2Ftags&post=9464"}],"curies":[{"name":"wp","href":"https:\/\/api.w.org\/{rel}","templated":true}]}}