{"id":9556,"date":"2023-09-06T21:39:51","date_gmt":"2023-09-06T19:39:51","guid":{"rendered":"http:\/\/www.rk-dubrava.hr\/web\/?p=9556"},"modified":"2023-09-06T21:40:33","modified_gmt":"2023-09-06T19:40:33","slug":"najava-utakmice-protiv-ribole-kastela","status":"publish","type":"post","link":"http:\/\/www.rk-dubrava.hr\/web\/?p=9556","title":{"rendered":"Najava utakmice protiv Ribole Ka\u0161tela"},"content":{"rendered":"\n<p class=\"has-medium-font-size\">U subotu od <strong>19 sati<\/strong> o\u010dekuje nas slu\u017ebeni po\u010detak sezone i prvo kolo Paket24 Premijer lige. U goste nam sti\u017ee <strong>Ribola Ka\u0161tela<\/strong>, a najavu utakmice dali su trener <strong>Kre\u0161o Ivankovi\u0107<\/strong> i lijevo krilo <strong>Ivan Barbi\u0107<\/strong>.<\/p>\n\n\n\n<p class=\"has-medium-font-size\"><\/p>\n\n\n\n<p class=\"has-medium-font-size\">&#8220;Mogu re\u0107i da spremni ulazimo u novu sezonu. U posljednja dva tjedna odradili smo jake prijateljske utakmice s klubovima iz Slovenije i BIH, a posljednji vikend prije po\u010detka prvenstva bili smo u Visokom (BiH) gdje smo slavili protiv prvaka<strong> Izvi\u0111a\u010da<\/strong> i doma\u0107ina <strong>Bosne<\/strong> \u0161to nam daje nadu da su de\u010dki spremni za po\u010detak lige&#8221;, ka\u017ee Ivankovi\u0107 \u010dija je mom\u010dad do\u017eivjela velike promjene u rosteru. &#8220;Stiglo nam je dosta novih igra\u010da koji \u0107e nam biti odre\u0111ena svje\u017ea krv kako ja to ka\u017eem. Do\u0161li su&nbsp;<strong> Fran Toma\u0161i\u0107<\/strong> iz Vara\u017edina, <strong>Ivan \u010cupi\u0107<\/strong> iz Rugvice, <strong>Ivan Kne\u017ei\u0107<\/strong> iz Maksimir Pastele te <strong>Fran Zovak<\/strong> i <strong>Marko Tkalec<\/strong> koji su \u010dlanovi mla\u0111e juniorske reprezentacije, te vratar <strong>Vasilije Vujovi\u0107<\/strong> koji je stigao iz Osijeka kao zamjena za na\u0161eg doju\u010dera\u0161njeg kapetana Dominika Markovi\u0107a koji je karijeru nastavio u Sloveniji. De\u010dki su motivirani i \u017eeljni da pobjedom otvorimo novu sezonu. Sigurno da nam je cilj ove sezone opet izboriti Ligu za prvaka iako smo jo\u0161 mla\u0111a mom\u010dad nego \u0161to smo bili pro\u0161le sezone kada nam je to po\u0161lo za rukom. Respektiramo Ribolu Ka\u0161tela koja je napravila odre\u0111ene promjene u rosteru, a ja sam rekao mojim igra\u010dima da se moramo koncentrirati na sebe i u subotu <strong>ostaviti dva boda u Dubravi<\/strong>&#8220;.<\/p>\n\n\n\n<p class=\"has-medium-font-size\"><\/p>\n\n\n\n<p class=\"has-medium-font-size\"><strong>Ivan Barbi\u0107<\/strong> je dodao: &#8220;Turnir u Visokom nam je pokazao da smo dobro radili na pripremama i sada vjerujemo da \u0107emo tu dobru igru prenijeti i na <strong>Premijer ligu<\/strong>.\u00a0Pro\u0161le sezone smo dva puta slavili protiv Ribole Ka\u0161tela i sigurno ih ne\u0107emo podcijeniti ve\u0107 maksimalno agresivno u\u0107i u utakmicu i uz <strong>na\u0161e navija\u010de upisati prvu pobjedu<\/strong>&#8220;.<\/p>\n\n\n\n<p class=\"has-medium-font-size\"><\/p>\n\n\n\n<p class=\"has-medium-font-size\">Vidimo se u subotu u SD Dubravi !<\/p>\n","protected":false},"excerpt":{"rendered":"<p>U subotu od 19 sati o\u010dekuje nas slu\u017ebeni po\u010detak sezone i prvo kolo Paket24 Premijer lige. U goste nam sti\u017ee Ribola Ka\u0161tela, a najavu utakmice dali su trener Kre\u0161o Ivankovi\u0107 [&hellip;]<\/p>\n","protected":false},"author":1,"featured_media":9347,"comment_status":"closed","ping_status":"closed","sticky":false,"template":"","format":"standard","meta":{"footnotes":""},"categories":[26],"tags":[],"_links":{"self":[{"href":"http:\/\/www.rk-dubrava.hr\/web\/index.php?rest_route=\/wp\/v2\/posts\/9556"}],"collection":[{"href":"http:\/\/www.rk-dubrava.hr\/web\/index.php?rest_route=\/wp\/v2\/posts"}],"about":[{"href":"http:\/\/www.rk-dubrava.hr\/web\/index.php?rest_route=\/wp\/v2\/types\/post"}],"author":[{"embeddable":true,"href":"http:\/\/www.rk-dubrava.hr\/web\/index.php?rest_route=\/wp\/v2\/users\/1"}],"replies":[{"embeddable":true,"href":"http:\/\/www.rk-dubrava.hr\/web\/index.php?rest_route=%2Fwp%2Fv2%2Fcomments&post=9556"}],"version-history":[{"count":2,"href":"http:\/\/www.rk-dubrava.hr\/web\/index.php?rest_route=\/wp\/v2\/posts\/9556\/revisions"}],"predecessor-version":[{"id":9558,"href":"http:\/\/www.rk-dubrava.hr\/web\/index.php?rest_route=\/wp\/v2\/posts\/9556\/revisions\/9558"}],"wp:featuredmedia":[{"embeddable":true,"href":"http:\/\/www.rk-dubrava.hr\/web\/index.php?rest_route=\/wp\/v2\/media\/9347"}],"wp:attachment":[{"href":"http:\/\/www.rk-dubrava.hr\/web\/index.php?rest_route=%2Fwp%2Fv2%2Fmedia&parent=9556"}],"wp:term":[{"taxonomy":"category","embeddable":true,"href":"http:\/\/www.rk-dubrava.hr\/web\/index.php?rest_route=%2Fwp%2Fv2%2Fcategories&post=9556"},{"taxonomy":"post_tag","embeddable":true,"href":"http:\/\/www.rk-dubrava.hr\/web\/index.php?rest_route=%2Fwp%2Fv2%2Ftags&post=9556"}],"curies":[{"name":"wp","href":"https:\/\/api.w.org\/{rel}","templated":true}]}}