{"id":9724,"date":"2025-03-25T15:47:11","date_gmt":"2025-03-25T14:47:11","guid":{"rendered":"http:\/\/www.rk-dubrava.hr\/web\/?p=9724"},"modified":"2025-03-25T15:47:12","modified_gmt":"2025-03-25T14:47:12","slug":"mlade-kategorije-izvjestaj-vikend-22-23-03","status":"publish","type":"post","link":"http:\/\/www.rk-dubrava.hr\/web\/?p=9724","title":{"rendered":"Mla\u0111e kategorije &#8211; izvje\u0161taj (vikend 22.\/23.03.)"},"content":{"rendered":"\n<p class=\"has-medium-font-size\">Proteklog vikenda na\u0161e mla\u0111e kategorije bile su aktivne, a izvje\u0161taj pro\u010ditajte u nastavku. <\/p>\n\n\n\n<p class=\"has-medium-font-size\"><\/p>\n\n\n\n<figure class=\"wp-block-image size-large\"><img decoding=\"async\" loading=\"lazy\" width=\"576\" height=\"1024\" src=\"http:\/\/www.rk-dubrava.hr\/web\/wp-content\/uploads\/2025\/03\/1.HRL-U15-dubrava-m.pastela-1721-2-576x1024.jpg\" alt=\"\" class=\"wp-image-9725\" srcset=\"http:\/\/www.rk-dubrava.hr\/web\/wp-content\/uploads\/2025\/03\/1.HRL-U15-dubrava-m.pastela-1721-2-576x1024.jpg 576w, http:\/\/www.rk-dubrava.hr\/web\/wp-content\/uploads\/2025\/03\/1.HRL-U15-dubrava-m.pastela-1721-2-169x300.jpg 169w, http:\/\/www.rk-dubrava.hr\/web\/wp-content\/uploads\/2025\/03\/1.HRL-U15-dubrava-m.pastela-1721-2-768x1365.jpg 768w, http:\/\/www.rk-dubrava.hr\/web\/wp-content\/uploads\/2025\/03\/1.HRL-U15-dubrava-m.pastela-1721-2-500x889.jpg 500w, http:\/\/www.rk-dubrava.hr\/web\/wp-content\/uploads\/2025\/03\/1.HRL-U15-dubrava-m.pastela-1721-2-864x1536.jpg 864w, http:\/\/www.rk-dubrava.hr\/web\/wp-content\/uploads\/2025\/03\/1.HRL-U15-dubrava-m.pastela-1721-2-750x1333.jpg 750w, http:\/\/www.rk-dubrava.hr\/web\/wp-content\/uploads\/2025\/03\/1.HRL-U15-dubrava-m.pastela-1721-2-400x711.jpg 400w, http:\/\/www.rk-dubrava.hr\/web\/wp-content\/uploads\/2025\/03\/1.HRL-U15-dubrava-m.pastela-1721-2.jpg 1080w\" sizes=\"(max-width: 576px) 100vw, 576px\" \/><\/figure>\n\n\n\n<p class=\"has-medium-font-size\"><strong>U17 (2007.\/2008.)<\/strong><\/p>\n\n\n\n<p class=\"has-medium-font-size\"><strong>Metalac &#8211; Dubrava 33:29<\/strong><\/p>\n\n\n\n<p class=\"has-medium-font-size\"><strong>Dubrava &#8211; Odema 35:28<\/strong><\/p>\n\n\n\n<p class=\"has-medium-font-size\">Ekipa U17 odigrala je predzadnje kolo prvenstva te upisala polovi\u010dan uspjeh. U prvoj utakmici, pomalo iznena\u0111uju\u0107e, izgubili su od Metalca (<strong>33:29<\/strong>). Gosti sa zapada grada vodili su gotovo cijelu utakmicu i zaslu\u017eeno pobijedili. Iako je na\u0161a ekipa u samoj zavr\u0161nici utakmice skoro okrenula zaostatak od -6, snage i vremena za potpuni preokret nije bilo. <strong>\u0160imun Jerkan<\/strong> zabio je 11, a <strong>Luka Ani\u0107<\/strong> 6 pogodaka.<\/p>\n\n\n\n<p class=\"has-medium-font-size\">U drugoj utakmici rutinski su svladali Odemu <strong>35:28<\/strong>. <strong>Ivan Dra\u017eenovi\u0107<\/strong> i <strong>Karlo Grkovi\u0107<\/strong> zabili su po 6 pogodaka. <\/p>\n\n\n\n<p class=\"has-medium-font-size\">U posljednjem kolu, u nedjelju 30.03., o\u010dekuje nas pravi spektakl &#8211; utakmice protiv Maksimir Pastele i Sesveta, koje \u0107e direktno odlu\u010diti o mogu\u0107oj kvalifikaciji na zavr\u0161nicu prvenstva Hrvatske koja se odr\u017eava u svibnju u Pore\u010du. <\/p>\n\n\n\n<p class=\"has-medium-font-size\"><\/p>\n\n\n\n<p class=\"has-medium-font-size\"><strong>U13 (2011.\/2012.)<\/strong><\/p>\n\n\n\n<p class=\"has-medium-font-size\"><strong>Dubrava &#8211; Sisak 21:33<\/strong><\/p>\n\n\n\n<p class=\"has-medium-font-size\">Ekipa U13 pora\u017eena je od ekipe Siska na doma\u0107em terenu. Mom\u010dad je parirala gostima do poluvremena (11:11), a drugi dio u potpunosti je pripao Sis\u010danima. <strong>Tino Zajec<\/strong> zabio je 5, a <strong>David Kordi\u0107<\/strong> 4 pogotka. <\/p>\n\n\n\n<p class=\"has-medium-font-size\"><\/p>\n\n\n\n<p class=\"has-medium-font-size\"><strong>U12 (2012.\/2013.)<\/strong><\/p>\n\n\n\n<p class=\"has-medium-font-size\"><strong>Dubrava &#8211; Metalac 35:34<\/strong><\/p>\n\n\n\n<p class=\"has-medium-font-size\">Odli\u010dnu utakmicu imali smo prilike gledati u dvoboju na\u0161ih dje\u010daka i vr\u0161njaka iz Metalca. U 50 minuta napete borbe, Vepri\u0107i su slavili rezultatom <strong>35:34<\/strong>. Na poluvremenu bilo je -1 (17:18) a u drugom djelu igralo se prakti\u010dki gol za gol. I kada smo mislili da \u0107e gosti ipak uzeti dva boda (31:33, 5 minuta do kraja), na\u0161a ekipa napravila je seriju 4:0 te na kraju slavila. <\/p>\n\n\n\n<p class=\"has-medium-font-size\"><\/p>\n\n\n\n<p class=\"has-medium-font-size\"><strong>U11 (2013.\/2014.)<\/strong><\/p>\n\n\n\n<p class=\"has-medium-font-size\"><strong>Dubrava &#8211; Metalac 28:41<\/strong><\/p>\n\n\n\n<p class=\"has-medium-font-size\">Derbi kola uvjerljivo je pripao Metalcu. Iako su na\u0161i najmla\u0111i odli\u010dno otvorili utakmicu (3:0, 9:4), krajem prvog poluvremena dolazi do pada u igri i gosti se vra\u0107aju u susret. Na predah smo oti\u0161li s -1 (15:16), a po\u010detkom drugog djela dolazi do velikog pada u igri kada gosti rade seriju 8:0 nakon koje vi\u0161e povratak u utakmice nije bio mogu\u0107. <\/p>\n","protected":false},"excerpt":{"rendered":"<p>Proteklog vikenda na\u0161e mla\u0111e kategorije bile su aktivne, a izvje\u0161taj pro\u010ditajte u nastavku. U17 (2007.\/2008.) Metalac &#8211; Dubrava 33:29 Dubrava &#8211; Odema 35:28 Ekipa U17 odigrala je predzadnje kolo prvenstva [&hellip;]<\/p>\n","protected":false},"author":1,"featured_media":9718,"comment_status":"closed","ping_status":"closed","sticky":false,"template":"","format":"standard","meta":{"footnotes":""},"categories":[70],"tags":[],"_links":{"self":[{"href":"http:\/\/www.rk-dubrava.hr\/web\/index.php?rest_route=\/wp\/v2\/posts\/9724"}],"collection":[{"href":"http:\/\/www.rk-dubrava.hr\/web\/index.php?rest_route=\/wp\/v2\/posts"}],"about":[{"href":"http:\/\/www.rk-dubrava.hr\/web\/index.php?rest_route=\/wp\/v2\/types\/post"}],"author":[{"embeddable":true,"href":"http:\/\/www.rk-dubrava.hr\/web\/index.php?rest_route=\/wp\/v2\/users\/1"}],"replies":[{"embeddable":true,"href":"http:\/\/www.rk-dubrava.hr\/web\/index.php?rest_route=%2Fwp%2Fv2%2Fcomments&post=9724"}],"version-history":[{"count":1,"href":"http:\/\/www.rk-dubrava.hr\/web\/index.php?rest_route=\/wp\/v2\/posts\/9724\/revisions"}],"predecessor-version":[{"id":9726,"href":"http:\/\/www.rk-dubrava.hr\/web\/index.php?rest_route=\/wp\/v2\/posts\/9724\/revisions\/9726"}],"wp:featuredmedia":[{"embeddable":true,"href":"http:\/\/www.rk-dubrava.hr\/web\/index.php?rest_route=\/wp\/v2\/media\/9718"}],"wp:attachment":[{"href":"http:\/\/www.rk-dubrava.hr\/web\/index.php?rest_route=%2Fwp%2Fv2%2Fmedia&parent=9724"}],"wp:term":[{"taxonomy":"category","embeddable":true,"href":"http:\/\/www.rk-dubrava.hr\/web\/index.php?rest_route=%2Fwp%2Fv2%2Fcategories&post=9724"},{"taxonomy":"post_tag","embeddable":true,"href":"http:\/\/www.rk-dubrava.hr\/web\/index.php?rest_route=%2Fwp%2Fv2%2Ftags&post=9724"}],"curies":[{"name":"wp","href":"https:\/\/api.w.org\/{rel}","templated":true}]}}